{"id":29700,"date":"2025-07-18T07:20:52","date_gmt":"2025-07-18T07:20:52","guid":{"rendered":"https:\/\/prometall.de\/?p=29700"},"modified":"2025-07-18T07:32:06","modified_gmt":"2025-07-18T07:32:06","slug":"25-jahre-pro-metall-danke-frank","status":"publish","type":"post","link":"https:\/\/prometall.de\/index.php\/2025\/07\/18\/25-jahre-pro-metall-danke-frank\/","title":{"rendered":"25 Jahre Pro Metall \u2013 Danke, Frank!"},"content":{"rendered":"\t\t<div data-elementor-type=\"wp-post\" data-elementor-id=\"29700\" class=\"elementor elementor-29700\">\n\t\t\t\t\r\n\t\t<div class=\"default no-position show_shadow rs-sticky-default elementor-element elementor-element-d11ed2e e-flex e-con-boxed e-con e-parent\" data-id=\"d11ed2e\" data-element_type=\"container\">\n\t\t\t\t\t<div class=\"e-con-inner\">\n\t\t\r\n\t\t\t\t<div class=\"elementor-element elementor-element-0212651 elementor-widget elementor-widget-text-editor\" data-id=\"0212651\" data-element_type=\"widget\" data-widget_type=\"text-editor.default\">\n\t\t\t\t<div class=\"elementor-widget-container\">\n\t\t\t\t\t\t\t\t\t<p data-start=\"48\" data-end=\"288\">Heute durften wir unseren gesch\u00e4tzten Kollegen <strong data-start=\"95\" data-end=\"104\">Frank Walter aus der Schwei\u00dferei<\/strong> f\u00fcr <strong data-start=\"109\" data-end=\"143\">25 Jahre Betriebszugeh\u00f6rigkeit<\/strong> ehren! Seit einem Vierteljahrhundert ist Frank ein fester Bestandteil unseres Teams \u2013 verl\u00e4sslich, engagiert und mit Herzblut bei der Arbeit. \ud83d\udc4f<\/p><p data-start=\"290\" data-end=\"434\">Wir danken Frank Walter f\u00fcr seinen unerm\u00fcdlichen Einsatz, seine Erfahrung und seinen Teamgeist. Auf viele weitere gemeinsame Jahre bei <strong data-start=\"416\" data-end=\"430\">Pro Metall<\/strong>! \ud83d\udcaa<\/p>\t\t\t\t\t\t\t\t<\/div>\n\t\t\t\t<\/div>\n\t\t\t\t\t<\/div>\n\t\t\t\t<\/div>\n\t\t\t\t<\/div>\n\t\t","protected":false},"excerpt":{"rendered":"<p>Heute durften wir unseren gesch\u00e4tzten Kollegen Frank Walter aus der Schwei\u00dferei f\u00fcr 25 Jahre Betriebszugeh\u00f6rigkeit ehren! Seit einem Vierteljahrhundert ist Frank ein fester Bestandteil unseres Teams \u2013 verl\u00e4sslich, engagiert und mit Herzblut bei der Arbeit. \ud83d\udc4f Wir danken Frank Walter f\u00fcr seinen unerm\u00fcdlichen Einsatz, seine Erfahrung und seinen Teamgeist. Auf viele weitere gemeinsame Jahre bei&#8230;<\/p>\n","protected":false},"author":1,"featured_media":29702,"comment_status":"closed","ping_status":"open","sticky":false,"template":"","format":"standard","meta":{"footnotes":""},"categories":[1],"tags":[57,56,55,58,59],"class_list":["post-29700","post","type-post","status-publish","format-standard","has-post-thumbnail","hentry","category-neues-von-prometall","tag-25jahre","tag-dankefrank","tag-jubilaeum","tag-prometall","tag-teamwork"],"_links":{"self":[{"href":"https:\/\/prometall.de\/index.php\/wp-json\/wp\/v2\/posts\/29700","targetHints":{"allow":["GET"]}}],"collection":[{"href":"https:\/\/prometall.de\/index.php\/wp-json\/wp\/v2\/posts"}],"about":[{"href":"https:\/\/prometall.de\/index.php\/wp-json\/wp\/v2\/types\/post"}],"author":[{"embeddable":true,"href":"https:\/\/prometall.de\/index.php\/wp-json\/wp\/v2\/users\/1"}],"replies":[{"embeddable":true,"href":"https:\/\/prometall.de\/index.php\/wp-json\/wp\/v2\/comments?post=29700"}],"version-history":[{"count":9,"href":"https:\/\/prometall.de\/index.php\/wp-json\/wp\/v2\/posts\/29700\/revisions"}],"predecessor-version":[{"id":29712,"href":"https:\/\/prometall.de\/index.php\/wp-json\/wp\/v2\/posts\/29700\/revisions\/29712"}],"wp:featuredmedia":[{"embeddable":true,"href":"https:\/\/prometall.de\/index.php\/wp-json\/wp\/v2\/media\/29702"}],"wp:attachment":[{"href":"https:\/\/prometall.de\/index.php\/wp-json\/wp\/v2\/media?parent=29700"}],"wp:term":[{"taxonomy":"category","embeddable":true,"href":"https:\/\/prometall.de\/index.php\/wp-json\/wp\/v2\/categories?post=29700"},{"taxonomy":"post_tag","embeddable":true,"href":"https:\/\/prometall.de\/index.php\/wp-json\/wp\/v2\/tags?post=29700"}],"curies":[{"name":"wp","href":"https:\/\/api.w.org\/{rel}","templated":true}]}}